{"id":252,"date":"2024-05-04T20:41:56","date_gmt":"2024-05-04T20:41:56","guid":{"rendered":"https:\/\/colegiojag.cl\/?p=252"},"modified":"2024-05-04T21:53:36","modified_gmt":"2024-05-04T21:53:36","slug":"celebracion-de-la-eucaristia-y-agradecimiento-a-la-comunidad-educativa","status":"publish","type":"post","link":"https:\/\/colegiojag.cl\/index.php\/2024\/05\/04\/celebracion-de-la-eucaristia-y-agradecimiento-a-la-comunidad-educativa\/","title":{"rendered":"Celebraci\u00f3n de la Eucarist\u00eda y agradecimiento a la Comunidad Educativa"},"content":{"rendered":"<h2><\/h2>\n<p>Queridos padres, apoderados, estudiantes y miembros de la comunidad educativa:<\/p>\n<p>En nombre de nuestro Colegio, queremos expresar nuestro agradecimiento por su asistencia y participaci\u00f3n en la Primera Eucarist\u00eda del a\u00f1o. Fue un momento especial de reflexi\u00f3n y comuni\u00f3n, en el que pudimos unirnos como comunidad para celebrar nuestra fe.<\/p>\n<h2>Invitaci\u00f3n para la celebraci\u00f3n de la Eucarist\u00eda del 5 de mayo de 2024<\/h2>\n<p>Nos complace invitarlos a la pr\u00f3xima celebraci\u00f3n de la Eucarist\u00eda, que se llevar\u00e1 a cabo el 5 de mayo de 2024 en la capilla del colegio. Ser\u00e1 otra oportunidad para reunirnos como comunidad y fortalecer nuestra fe en uni\u00f3n con Dios.<\/p>\n<p>Esperamos contar con su presencia en esta importante celebraci\u00f3n. Su asistencia ser\u00e1 un testimonio de apoyo y compromiso con la educaci\u00f3n religiosa de nuestros estudiantes. Que Dios los bendiga y los gu\u00ede en su camino de fe.<\/p>\n<p>Atentamente,<\/p>\n<p>Equipo Directivo &#8211; Colegio Jos\u00e9 Agust\u00edn G\u00f3mez<\/p>\n\n","protected":false},"excerpt":{"rendered":"<p>Queridos padres, apoderados, estudiantes y miembros de la comunidad educativa: En nombre de nuestro Colegio, queremos expresar nuestro agradecimiento por su asistencia y participaci\u00f3n en la Primera Eucarist\u00eda del a\u00f1o. Fue un momento especial de reflexi\u00f3n y comuni\u00f3n, en el que pudimos unirnos como comunidad para celebrar nuestra fe. Invitaci\u00f3n para la celebraci\u00f3n de la [&hellip;]<\/p>\n","protected":false},"author":1,"featured_media":251,"comment_status":"closed","ping_status":"open","sticky":false,"template":"","format":"standard","meta":{"footnotes":""},"categories":[4],"tags":[6,7,5],"class_list":["post-252","post","type-post","status-publish","format-standard","has-post-thumbnail","hentry","category-eventos-religiosos","tag-agradecimiento","tag-celebracion","tag-primera-eucaristia"],"_links":{"self":[{"href":"https:\/\/colegiojag.cl\/index.php\/wp-json\/wp\/v2\/posts\/252","targetHints":{"allow":["GET"]}}],"collection":[{"href":"https:\/\/colegiojag.cl\/index.php\/wp-json\/wp\/v2\/posts"}],"about":[{"href":"https:\/\/colegiojag.cl\/index.php\/wp-json\/wp\/v2\/types\/post"}],"author":[{"embeddable":true,"href":"https:\/\/colegiojag.cl\/index.php\/wp-json\/wp\/v2\/users\/1"}],"replies":[{"embeddable":true,"href":"https:\/\/colegiojag.cl\/index.php\/wp-json\/wp\/v2\/comments?post=252"}],"version-history":[{"count":3,"href":"https:\/\/colegiojag.cl\/index.php\/wp-json\/wp\/v2\/posts\/252\/revisions"}],"predecessor-version":[{"id":255,"href":"https:\/\/colegiojag.cl\/index.php\/wp-json\/wp\/v2\/posts\/252\/revisions\/255"}],"wp:featuredmedia":[{"embeddable":true,"href":"https:\/\/colegiojag.cl\/index.php\/wp-json\/wp\/v2\/media\/251"}],"wp:attachment":[{"href":"https:\/\/colegiojag.cl\/index.php\/wp-json\/wp\/v2\/media?parent=252"}],"wp:term":[{"taxonomy":"category","embeddable":true,"href":"https:\/\/colegiojag.cl\/index.php\/wp-json\/wp\/v2\/categories?post=252"},{"taxonomy":"post_tag","embeddable":true,"href":"https:\/\/colegiojag.cl\/index.php\/wp-json\/wp\/v2\/tags?post=252"}],"curies":[{"name":"wp","href":"https:\/\/api.w.org\/{rel}","templated":true}]}}