{"id":414,"date":"2024-12-24T13:01:38","date_gmt":"2024-12-24T13:01:38","guid":{"rendered":"https:\/\/colegiojag.cl\/?p=414"},"modified":"2024-12-24T13:01:38","modified_gmt":"2024-12-24T13:01:38","slug":"invitacion-y-saludo-navideno","status":"publish","type":"post","link":"https:\/\/colegiojag.cl\/index.php\/2024\/12\/24\/invitacion-y-saludo-navideno\/","title":{"rendered":"Invitaci\u00f3n y saludo navide\u00f1o"},"content":{"rendered":"\n<p>Queridas familias:<\/p>\n\n\n\n<p>Nos dirigimos a cada uno y una de ustedes como miembros de nuestra Comunidad Educativa para hacerles extensivo un cari\u00f1oso saludo en estas fiestas navide\u00f1as. Que el nacimiento del ni\u00f1o Jes\u00fas traiga a cada uno de nosotros amor, dicha y felicidad, y que en esta oportunidad reunidos como familia recibamos las bendiciones del Se\u00f1or, sin olvidar a quienes hoy en d\u00eda necesitan m\u00e1s de nosotros.<\/p>\n\n\n\n<p>Que el mejor regalo sea reunirnos como una familia feliz y que el esp\u00edritu navide\u00f1o nos entregue una fe inquebrantable.<\/p>\n\n\n\n<p>Los mejores deseos para estas fiestas les desea la Comunidad Educativa de su Colegio Jos\u00e9 Agust\u00edn G\u00f3mez.<\/p>\n\n\n\n<p>Les invitamos el d\u00eda de ma\u00f1ana <strong>25 de diciembre a las 09:00 horas a la celebraci\u00f3n de la misa de navidad<\/strong> a llevarse a cabo en la Capilla del Coraz\u00f3n de Jes\u00fas en nuestro Colegio. Les esperamos!<\/p>\n\n\n\n<div data-wp-interactive=\"core\/file\" class=\"wp-block-file\"><object data-wp-bind--hidden=\"!state.hasPdfPreview\" hidden class=\"wp-block-file__embed\" data=\"https:\/\/colegiojag.cl\/wp-content\/uploads\/2024\/12\/Tarjeta-Agradecimiento-Novenas-Navidenas-Ilustrado-Azul-Dorado.pdf\" type=\"application\/pdf\" style=\"width:100%;height:600px\" aria-label=\"Incrustado de Tarjeta Agradecimiento Novenas Navide\u00f1as Ilustrado Azul Dorado.\"><\/object><a id=\"wp-block-file--media-03b40f92-cf7a-4db8-bc75-8c386dc01440\" href=\"https:\/\/colegiojag.cl\/wp-content\/uploads\/2024\/12\/Tarjeta-Agradecimiento-Novenas-Navidenas-Ilustrado-Azul-Dorado.pdf\">Tarjeta Agradecimiento Novenas Navide\u00f1as Ilustrado Azul Dorado<\/a><a href=\"https:\/\/colegiojag.cl\/wp-content\/uploads\/2024\/12\/Tarjeta-Agradecimiento-Novenas-Navidenas-Ilustrado-Azul-Dorado.pdf\" class=\"wp-block-file__button wp-element-button\" download aria-describedby=\"wp-block-file--media-03b40f92-cf7a-4db8-bc75-8c386dc01440\">Descargar<\/a><\/div>\n\n\n\n<p><\/p>\n","protected":false},"excerpt":{"rendered":"<p>Queridas familias: Nos dirigimos a cada uno y una de ustedes como miembros de nuestra Comunidad Educativa para hacerles extensivo un cari\u00f1oso saludo en estas fiestas navide\u00f1as. Que el nacimiento del ni\u00f1o Jes\u00fas traiga a cada uno de nosotros amor, dicha y felicidad, y que en esta oportunidad reunidos como familia recibamos las bendiciones del [&hellip;]<\/p>\n","protected":false},"author":1,"featured_media":0,"comment_status":"closed","ping_status":"open","sticky":false,"template":"","format":"standard","meta":{"footnotes":""},"categories":[1],"tags":[],"class_list":["post-414","post","type-post","status-publish","format-standard","hentry","category-blog"],"_links":{"self":[{"href":"https:\/\/colegiojag.cl\/index.php\/wp-json\/wp\/v2\/posts\/414","targetHints":{"allow":["GET"]}}],"collection":[{"href":"https:\/\/colegiojag.cl\/index.php\/wp-json\/wp\/v2\/posts"}],"about":[{"href":"https:\/\/colegiojag.cl\/index.php\/wp-json\/wp\/v2\/types\/post"}],"author":[{"embeddable":true,"href":"https:\/\/colegiojag.cl\/index.php\/wp-json\/wp\/v2\/users\/1"}],"replies":[{"embeddable":true,"href":"https:\/\/colegiojag.cl\/index.php\/wp-json\/wp\/v2\/comments?post=414"}],"version-history":[{"count":2,"href":"https:\/\/colegiojag.cl\/index.php\/wp-json\/wp\/v2\/posts\/414\/revisions"}],"predecessor-version":[{"id":417,"href":"https:\/\/colegiojag.cl\/index.php\/wp-json\/wp\/v2\/posts\/414\/revisions\/417"}],"wp:attachment":[{"href":"https:\/\/colegiojag.cl\/index.php\/wp-json\/wp\/v2\/media?parent=414"}],"wp:term":[{"taxonomy":"category","embeddable":true,"href":"https:\/\/colegiojag.cl\/index.php\/wp-json\/wp\/v2\/categories?post=414"},{"taxonomy":"post_tag","embeddable":true,"href":"https:\/\/colegiojag.cl\/index.php\/wp-json\/wp\/v2\/tags?post=414"}],"curies":[{"name":"wp","href":"https:\/\/api.w.org\/{rel}","templated":true}]}}